{"id":1416,"date":"2009-11-09T12:46:09","date_gmt":"2009-11-09T11:46:09","guid":{"rendered":"http:\/\/www.michel-caron.fr\/peinture\/?p=1416"},"modified":"2014-11-12T09:47:53","modified_gmt":"2014-11-12T08:47:53","slug":"village-entoure-de-broussailles","status":"publish","type":"post","link":"https:\/\/www.michel-caron.fr\/peinture\/2009\/11\/09\/village-entoure-de-broussailles\/","title":{"rendered":"Village entour\u00e9 de broussailles"},"content":{"rendered":"<p><!--StartFragment--><\/p>\n<p class=\"MsoNormal\"><!--StartFragment--><\/p>\n<p class=\"MsoNormal\"><span>Une petite commune rurale, avec bien s\u00fbr son clocher, se trouve au milieu d\u2019un enchev\u00eatrement d\u2019une v\u00e9g\u00e9tation ondulante assez \u00e9trange (novembre 2009). Acrylique 50 x 61 cm.<\/span><\/p>\n<p><!--EndFragment--><\/p>\n<p class=\"MsoNormal\"><span><em><a href=\"http:\/\/www.michel-caron.fr\/peinture\/wp-content\/uploads\/village.jpg\"><img loading=\"lazy\" decoding=\"async\" class=\"aligncenter size-medium wp-image-1417\" src=\"http:\/\/www.michel-caron.fr\/peinture\/wp-content\/uploads\/village-506x620.jpg\" alt=\"village\" width=\"506\" height=\"620\" srcset=\"https:\/\/www.michel-caron.fr\/peinture\/wp-content\/uploads\/village-506x620.jpg 506w, https:\/\/www.michel-caron.fr\/peinture\/wp-content\/uploads\/village-836x1024.jpg 836w, https:\/\/www.michel-caron.fr\/peinture\/wp-content\/uploads\/village.jpg 1000w\" sizes=\"auto, (max-width: 506px) 100vw, 506px\" \/><\/a><\/em><em><br \/>\n<\/em><em> <\/em><\/span><\/p>\n<p><!--EndFragment--><\/p>\n","protected":false},"excerpt":{"rendered":"<p>Une petite commune rurale, avec bien s\u00fbr son clocher, se trouve au milieu d\u2019un enchev\u00eatrement d\u2019une v\u00e9g\u00e9tation ondulante assez \u00e9trange (novembre 2009). Acrylique 50 x 61 cm.<\/p>\n","protected":false},"author":2,"featured_media":0,"comment_status":"open","ping_status":"open","sticky":false,"template":"","format":"standard","meta":{"footnotes":""},"categories":[3],"tags":[20],"class_list":["post-1416","post","type-post","status-publish","format-standard","hentry","category-peinture","tag-champs-colores"],"aioseo_notices":[],"_links":{"self":[{"href":"https:\/\/www.michel-caron.fr\/peinture\/wp-json\/wp\/v2\/posts\/1416","targetHints":{"allow":["GET"]}}],"collection":[{"href":"https:\/\/www.michel-caron.fr\/peinture\/wp-json\/wp\/v2\/posts"}],"about":[{"href":"https:\/\/www.michel-caron.fr\/peinture\/wp-json\/wp\/v2\/types\/post"}],"author":[{"embeddable":true,"href":"https:\/\/www.michel-caron.fr\/peinture\/wp-json\/wp\/v2\/users\/2"}],"replies":[{"embeddable":true,"href":"https:\/\/www.michel-caron.fr\/peinture\/wp-json\/wp\/v2\/comments?post=1416"}],"version-history":[{"count":5,"href":"https:\/\/www.michel-caron.fr\/peinture\/wp-json\/wp\/v2\/posts\/1416\/revisions"}],"predecessor-version":[{"id":2856,"href":"https:\/\/www.michel-caron.fr\/peinture\/wp-json\/wp\/v2\/posts\/1416\/revisions\/2856"}],"wp:attachment":[{"href":"https:\/\/www.michel-caron.fr\/peinture\/wp-json\/wp\/v2\/media?parent=1416"}],"wp:term":[{"taxonomy":"category","embeddable":true,"href":"https:\/\/www.michel-caron.fr\/peinture\/wp-json\/wp\/v2\/categories?post=1416"},{"taxonomy":"post_tag","embeddable":true,"href":"https:\/\/www.michel-caron.fr\/peinture\/wp-json\/wp\/v2\/tags?post=1416"}],"curies":[{"name":"wp","href":"https:\/\/api.w.org\/{rel}","templated":true}]}}