{"id":1868,"date":"2010-08-27T17:23:03","date_gmt":"2010-08-27T16:23:03","guid":{"rendered":"http:\/\/www.michel-caron.fr\/peinture\/?p=1868"},"modified":"2023-02-05T17:45:03","modified_gmt":"2023-02-05T16:45:03","slug":"les-talus-parfumes","status":"publish","type":"post","link":"https:\/\/www.michel-caron.fr\/peinture\/2010\/08\/27\/les-talus-parfumes\/","title":{"rendered":"Les talus parfum\u00e9s"},"content":{"rendered":"<p><!--StartFragment--><\/p>\n<p class=\"MsoNormal\"><!--StartFragment--><\/p>\n<p class=\"MsoNormal\"><span>Cette toile, abstraite, \u00e9voque une promenade au milieu des buissons fleuris et odorants. Au-dessus de ce fouillis v\u00e9g\u00e9tal, quelques nuages se prom\u00e8nent dans le ciel, eux aussi color\u00e9s de chaleur (septembre 2010). Acrylique 65 x 92 cm.<\/span><\/p>\n<p><!--EndFragment--><\/p>\n<p class=\"MsoNormal\"><em><a href=\"http:\/\/www.michel-caron.fr\/peinture\/wp-content\/uploads\/talus1.jpg\"><img loading=\"lazy\" decoding=\"async\" class=\"aligncenter size-medium wp-image-1869\" src=\"http:\/\/www.michel-caron.fr\/peinture\/wp-content\/uploads\/talus1-431x620.jpg\" alt=\"talus1\" width=\"431\" height=\"620\" srcset=\"https:\/\/www.michel-caron.fr\/peinture\/wp-content\/uploads\/talus1-431x620.jpg 431w, https:\/\/www.michel-caron.fr\/peinture\/wp-content\/uploads\/talus1-712x1024.jpg 712w, https:\/\/www.michel-caron.fr\/peinture\/wp-content\/uploads\/talus1.jpg 1000w\" sizes=\"auto, (max-width: 431px) 100vw, 431px\" \/><\/a><\/em><\/p>\n<p class=\"MsoNormal\"><em> <!--StartFragment--><\/em><\/p>\n<p><em><\/em><\/p>\n<p><em><\/p>\n<p class=\"MsoNormal\"><span style=\"font-style: normal\"><br \/>\n<\/span><\/p>\n<p><\/em><\/p>\n<p><em><!--EndFragment--> <\/em><\/p>\n<p><!--EndFragment--><\/p>\n","protected":false},"excerpt":{"rendered":"<p>Cette toile, abstraite, \u00e9voque une promenade au milieu des buissons fleuris et odorants. Au-dessus de ce fouillis v\u00e9g\u00e9tal, quelques nuages se prom\u00e8nent dans le ciel, eux aussi color\u00e9s de chaleur (septembre 2010). Acrylique 65 x 92 cm.<\/p>\n","protected":false},"author":2,"featured_media":0,"comment_status":"open","ping_status":"open","sticky":false,"template":"","format":"standard","meta":{"footnotes":""},"categories":[3],"tags":[38,19,48],"class_list":["post-1868","post","type-post","status-publish","format-standard","hentry","category-peinture","tag-abstraction","tag-arbres","tag-nuages"],"aioseo_notices":[],"_links":{"self":[{"href":"https:\/\/www.michel-caron.fr\/peinture\/wp-json\/wp\/v2\/posts\/1868","targetHints":{"allow":["GET"]}}],"collection":[{"href":"https:\/\/www.michel-caron.fr\/peinture\/wp-json\/wp\/v2\/posts"}],"about":[{"href":"https:\/\/www.michel-caron.fr\/peinture\/wp-json\/wp\/v2\/types\/post"}],"author":[{"embeddable":true,"href":"https:\/\/www.michel-caron.fr\/peinture\/wp-json\/wp\/v2\/users\/2"}],"replies":[{"embeddable":true,"href":"https:\/\/www.michel-caron.fr\/peinture\/wp-json\/wp\/v2\/comments?post=1868"}],"version-history":[{"count":6,"href":"https:\/\/www.michel-caron.fr\/peinture\/wp-json\/wp\/v2\/posts\/1868\/revisions"}],"predecessor-version":[{"id":4472,"href":"https:\/\/www.michel-caron.fr\/peinture\/wp-json\/wp\/v2\/posts\/1868\/revisions\/4472"}],"wp:attachment":[{"href":"https:\/\/www.michel-caron.fr\/peinture\/wp-json\/wp\/v2\/media?parent=1868"}],"wp:term":[{"taxonomy":"category","embeddable":true,"href":"https:\/\/www.michel-caron.fr\/peinture\/wp-json\/wp\/v2\/categories?post=1868"},{"taxonomy":"post_tag","embeddable":true,"href":"https:\/\/www.michel-caron.fr\/peinture\/wp-json\/wp\/v2\/tags?post=1868"}],"curies":[{"name":"wp","href":"https:\/\/api.w.org\/{rel}","templated":true}]}}