{"id":2683,"date":"2014-06-26T17:58:14","date_gmt":"2014-06-26T16:58:14","guid":{"rendered":"http:\/\/www.michel-caron.fr\/peinture\/?p=2683"},"modified":"2023-02-05T17:37:44","modified_gmt":"2023-02-05T16:37:44","slug":"la-promenade-en-ville","status":"publish","type":"post","link":"https:\/\/www.michel-caron.fr\/peinture\/2014\/06\/26\/la-promenade-en-ville\/","title":{"rendered":"Une promenade en ville et en for\u00eat"},"content":{"rendered":"<p><!--StartFragment--><\/p>\n<p class=\"MsoNormal\"><!--StartFragment--><\/p>\n<p class=\"MsoNormal\"><span>Des traces de pas traversent une for\u00eat et une ville. Cette toile a figur\u00e9 dans une exposition qui s&rsquo;est tenue dans un centre culturel situ\u00e9 \u00e0 S\u00e8vres, dans les Hauts-de-Seine, ayant pour th\u00e8me \u00ab\u00a0les traces\u00a0\u00bb (septembre 2014). Acrylique 60 x 81 cm.<\/span><\/p>\n<p class=\"MsoNormal\"><em><a href=\"http:\/\/www.michel-caron.fr\/peinture\/wp-content\/uploads\/la-promenade-en-ville2.jpg\"><img loading=\"lazy\" decoding=\"async\" class=\"aligncenter size-medium wp-image-2684\" src=\"http:\/\/www.michel-caron.fr\/peinture\/wp-content\/uploads\/la-promenade-en-ville2-620x456.jpg\" alt=\"la-promenade-en-ville2\" width=\"620\" height=\"456\" srcset=\"https:\/\/www.michel-caron.fr\/peinture\/wp-content\/uploads\/la-promenade-en-ville2-620x456.jpg 620w, https:\/\/www.michel-caron.fr\/peinture\/wp-content\/uploads\/la-promenade-en-ville2.jpg 1000w\" sizes=\"auto, (max-width: 620px) 100vw, 620px\" \/><\/a><\/em><\/p>\n<p class=\"MsoNormal\"><em> <!--StartFragment--><\/em><\/p>\n<p><em><\/em><\/p>\n<p><em><\/em><\/p>\n<p><em><\/em><\/p>\n<p><em><\/em><\/p>\n<p><em><\/em><\/p>\n<p><em><\/em><\/p>\n<p><em> <\/em><\/p>\n<p class=\"MsoNormal\"><span style=\"font-style: normal\"><br \/>\n<\/span><\/p>\n<p><em><\/em><\/p>\n<p><em><!--EndFragment--> <\/em><\/p>\n<p class=\"MsoNormal\"><span><strong> <\/strong><\/span><\/p>\n<p><!--EndFragment--><\/p>\n","protected":false},"excerpt":{"rendered":"<p>Des traces de pas traversent une for\u00eat et une ville. Cette toile a figur\u00e9 dans une exposition qui s&rsquo;est tenue dans un centre culturel situ\u00e9 \u00e0 S\u00e8vres, dans les Hauts-de-Seine, ayant pour th\u00e8me \u00ab\u00a0les traces\u00a0\u00bb (septembre 2014). Acrylique 60 x 81 cm.<\/p>\n","protected":false},"author":2,"featured_media":0,"comment_status":"open","ping_status":"open","sticky":false,"template":"","format":"standard","meta":{"footnotes":""},"categories":[3],"tags":[19,17],"class_list":["post-2683","post","type-post","status-publish","format-standard","hentry","category-peinture","tag-arbres","tag-immeubles"],"aioseo_notices":[],"_links":{"self":[{"href":"https:\/\/www.michel-caron.fr\/peinture\/wp-json\/wp\/v2\/posts\/2683","targetHints":{"allow":["GET"]}}],"collection":[{"href":"https:\/\/www.michel-caron.fr\/peinture\/wp-json\/wp\/v2\/posts"}],"about":[{"href":"https:\/\/www.michel-caron.fr\/peinture\/wp-json\/wp\/v2\/types\/post"}],"author":[{"embeddable":true,"href":"https:\/\/www.michel-caron.fr\/peinture\/wp-json\/wp\/v2\/users\/2"}],"replies":[{"embeddable":true,"href":"https:\/\/www.michel-caron.fr\/peinture\/wp-json\/wp\/v2\/comments?post=2683"}],"version-history":[{"count":17,"href":"https:\/\/www.michel-caron.fr\/peinture\/wp-json\/wp\/v2\/posts\/2683\/revisions"}],"predecessor-version":[{"id":4455,"href":"https:\/\/www.michel-caron.fr\/peinture\/wp-json\/wp\/v2\/posts\/2683\/revisions\/4455"}],"wp:attachment":[{"href":"https:\/\/www.michel-caron.fr\/peinture\/wp-json\/wp\/v2\/media?parent=2683"}],"wp:term":[{"taxonomy":"category","embeddable":true,"href":"https:\/\/www.michel-caron.fr\/peinture\/wp-json\/wp\/v2\/categories?post=2683"},{"taxonomy":"post_tag","embeddable":true,"href":"https:\/\/www.michel-caron.fr\/peinture\/wp-json\/wp\/v2\/tags?post=2683"}],"curies":[{"name":"wp","href":"https:\/\/api.w.org\/{rel}","templated":true}]}}