{"id":2713,"date":"2014-08-19T17:10:45","date_gmt":"2014-08-19T16:10:45","guid":{"rendered":"http:\/\/www.michel-caron.fr\/peinture\/?p=2713"},"modified":"2023-02-05T17:37:10","modified_gmt":"2023-02-05T16:37:10","slug":"la-ville-a-cote-de-la-mer","status":"publish","type":"post","link":"https:\/\/www.michel-caron.fr\/peinture\/2014\/08\/19\/la-ville-a-cote-de-la-mer\/","title":{"rendered":"La ville \u00e0 c\u00f4t\u00e9 de la mer"},"content":{"rendered":"<p><!--StartFragment--><\/p>\n<p class=\"MsoNormal\"><!--StartFragment--><\/p>\n<p class=\"MsoNormal\"><span>La mer est bleue et le soleil va se coucher. Les lumi\u00e8res des fen\u00eatres d&rsquo;une ville voisine commencent \u00e0 s\u2019allumer (septembre 2014). Acrylique 60 x 81 cm. <\/span><\/p>\n<p><!--EndFragment--><\/p>\n<p class=\"MsoNormal\"><span><em><a href=\"http:\/\/www.michel-caron.fr\/peinture\/wp-content\/uploads\/la-ville-pres-de-la-mer-copie.jpg\"><img loading=\"lazy\" decoding=\"async\" class=\"aligncenter size-medium wp-image-2714\" src=\"http:\/\/www.michel-caron.fr\/peinture\/wp-content\/uploads\/la-ville-pres-de-la-mer-copie-445x620.jpg\" alt=\"la-ville-pres-de-la-mer-copie\" width=\"445\" height=\"620\" srcset=\"https:\/\/www.michel-caron.fr\/peinture\/wp-content\/uploads\/la-ville-pres-de-la-mer-copie-445x620.jpg 445w, https:\/\/www.michel-caron.fr\/peinture\/wp-content\/uploads\/la-ville-pres-de-la-mer-copie-735x1024.jpg 735w, https:\/\/www.michel-caron.fr\/peinture\/wp-content\/uploads\/la-ville-pres-de-la-mer-copie.jpg 1000w\" sizes=\"auto, (max-width: 445px) 100vw, 445px\" \/><\/a><\/em><\/span><\/p>\n<p class=\"MsoNormal\">\n<p><!--EndFragment--><\/p>\n","protected":false},"excerpt":{"rendered":"<p>La mer est bleue et le soleil va se coucher. Les lumi\u00e8res des fen\u00eatres d&rsquo;une ville voisine commencent \u00e0 s\u2019allumer (septembre 2014). Acrylique 60 x 81 cm.<\/p>\n","protected":false},"author":2,"featured_media":0,"comment_status":"open","ping_status":"open","sticky":false,"template":"","format":"standard","meta":{"footnotes":""},"categories":[3],"tags":[17,51,48],"class_list":["post-2713","post","type-post","status-publish","format-standard","hentry","category-peinture","tag-immeubles","tag-mer","tag-nuages"],"aioseo_notices":[],"_links":{"self":[{"href":"https:\/\/www.michel-caron.fr\/peinture\/wp-json\/wp\/v2\/posts\/2713","targetHints":{"allow":["GET"]}}],"collection":[{"href":"https:\/\/www.michel-caron.fr\/peinture\/wp-json\/wp\/v2\/posts"}],"about":[{"href":"https:\/\/www.michel-caron.fr\/peinture\/wp-json\/wp\/v2\/types\/post"}],"author":[{"embeddable":true,"href":"https:\/\/www.michel-caron.fr\/peinture\/wp-json\/wp\/v2\/users\/2"}],"replies":[{"embeddable":true,"href":"https:\/\/www.michel-caron.fr\/peinture\/wp-json\/wp\/v2\/comments?post=2713"}],"version-history":[{"count":11,"href":"https:\/\/www.michel-caron.fr\/peinture\/wp-json\/wp\/v2\/posts\/2713\/revisions"}],"predecessor-version":[{"id":4453,"href":"https:\/\/www.michel-caron.fr\/peinture\/wp-json\/wp\/v2\/posts\/2713\/revisions\/4453"}],"wp:attachment":[{"href":"https:\/\/www.michel-caron.fr\/peinture\/wp-json\/wp\/v2\/media?parent=2713"}],"wp:term":[{"taxonomy":"category","embeddable":true,"href":"https:\/\/www.michel-caron.fr\/peinture\/wp-json\/wp\/v2\/categories?post=2713"},{"taxonomy":"post_tag","embeddable":true,"href":"https:\/\/www.michel-caron.fr\/peinture\/wp-json\/wp\/v2\/tags?post=2713"}],"curies":[{"name":"wp","href":"https:\/\/api.w.org\/{rel}","templated":true}]}}