{"id":3679,"date":"2018-11-22T09:03:38","date_gmt":"2018-11-22T08:03:38","guid":{"rendered":"http:\/\/www.michel-caron.fr\/peinture\/?p=3679"},"modified":"2023-02-04T17:22:34","modified_gmt":"2023-02-04T16:22:34","slug":"des-arbres-et-des-immeubles","status":"publish","type":"post","link":"https:\/\/www.michel-caron.fr\/peinture\/2018\/11\/22\/des-arbres-et-des-immeubles\/","title":{"rendered":"Des arbres et des immeubles"},"content":{"rendered":"<p>Cette toile \u00e9voque une ville avec la pr\u00e9sence voisine d&rsquo;une for\u00eat (Acrylique 24 x 30 cm).<\/p>\n<p><img loading=\"lazy\" decoding=\"async\" src=\"http:\/\/www.michel-caron.fr\/peinture\/wp-content\/uploads\/Des-arbres-501x620.jpg\" alt=\"\" width=\"501\" height=\"620\" class=\"aligncenter size-medium wp-image-3680\" srcset=\"https:\/\/www.michel-caron.fr\/peinture\/wp-content\/uploads\/Des-arbres-501x620.jpg 501w, https:\/\/www.michel-caron.fr\/peinture\/wp-content\/uploads\/Des-arbres-768x951.jpg 768w, https:\/\/www.michel-caron.fr\/peinture\/wp-content\/uploads\/Des-arbres-827x1024.jpg 827w, https:\/\/www.michel-caron.fr\/peinture\/wp-content\/uploads\/Des-arbres.jpg 1000w\" sizes=\"auto, (max-width: 501px) 100vw, 501px\" \/><\/p>\n","protected":false},"excerpt":{"rendered":"<p>Cette toile \u00e9voque une ville avec la pr\u00e9sence voisine d&rsquo;une for\u00eat (Acrylique 24 x 30 cm).<\/p>\n","protected":false},"author":2,"featured_media":0,"comment_status":"open","ping_status":"open","sticky":false,"template":"","format":"standard","meta":{"footnotes":""},"categories":[3],"tags":[],"class_list":["post-3679","post","type-post","status-publish","format-standard","hentry","category-peinture"],"aioseo_notices":[],"_links":{"self":[{"href":"https:\/\/www.michel-caron.fr\/peinture\/wp-json\/wp\/v2\/posts\/3679","targetHints":{"allow":["GET"]}}],"collection":[{"href":"https:\/\/www.michel-caron.fr\/peinture\/wp-json\/wp\/v2\/posts"}],"about":[{"href":"https:\/\/www.michel-caron.fr\/peinture\/wp-json\/wp\/v2\/types\/post"}],"author":[{"embeddable":true,"href":"https:\/\/www.michel-caron.fr\/peinture\/wp-json\/wp\/v2\/users\/2"}],"replies":[{"embeddable":true,"href":"https:\/\/www.michel-caron.fr\/peinture\/wp-json\/wp\/v2\/comments?post=3679"}],"version-history":[{"count":5,"href":"https:\/\/www.michel-caron.fr\/peinture\/wp-json\/wp\/v2\/posts\/3679\/revisions"}],"predecessor-version":[{"id":4433,"href":"https:\/\/www.michel-caron.fr\/peinture\/wp-json\/wp\/v2\/posts\/3679\/revisions\/4433"}],"wp:attachment":[{"href":"https:\/\/www.michel-caron.fr\/peinture\/wp-json\/wp\/v2\/media?parent=3679"}],"wp:term":[{"taxonomy":"category","embeddable":true,"href":"https:\/\/www.michel-caron.fr\/peinture\/wp-json\/wp\/v2\/categories?post=3679"},{"taxonomy":"post_tag","embeddable":true,"href":"https:\/\/www.michel-caron.fr\/peinture\/wp-json\/wp\/v2\/tags?post=3679"}],"curies":[{"name":"wp","href":"https:\/\/api.w.org\/{rel}","templated":true}]}}