{"id":3697,"date":"2019-02-01T11:58:04","date_gmt":"2019-02-01T10:58:04","guid":{"rendered":"http:\/\/www.michel-caron.fr\/peinture\/?p=3697"},"modified":"2023-02-04T17:22:04","modified_gmt":"2023-02-04T16:22:04","slug":"la-promenade-champetre","status":"publish","type":"post","link":"https:\/\/www.michel-caron.fr\/peinture\/2019\/02\/01\/la-promenade-champetre\/","title":{"rendered":"La promenade champ\u00eatre"},"content":{"rendered":"<p>Un couple heureux se prom\u00e8ne parmi des champs fleuris. En arri\u00e8re-plan appara\u00eet la cath\u00e9drale de Chartres. Acrylique 90 x 90 cm<img loading=\"lazy\" decoding=\"async\" src=\"http:\/\/www.michel-caron.fr\/peinture\/wp-content\/uploads\/LA-PROMENADE-620x608.jpg\" alt=\"\" width=\"620\" height=\"608\" class=\"aligncenter size-medium wp-image-3694\" srcset=\"https:\/\/www.michel-caron.fr\/peinture\/wp-content\/uploads\/LA-PROMENADE-620x608.jpg 620w, https:\/\/www.michel-caron.fr\/peinture\/wp-content\/uploads\/LA-PROMENADE-768x753.jpg 768w, https:\/\/www.michel-caron.fr\/peinture\/wp-content\/uploads\/LA-PROMENADE.jpg 1010w\" sizes=\"auto, (max-width: 620px) 100vw, 620px\" \/><\/p>\n","protected":false},"excerpt":{"rendered":"<p>Un couple heureux se prom\u00e8ne parmi des champs fleuris. En arri\u00e8re-plan appara\u00eet la cath\u00e9drale de Chartres. Acrylique 90 x 90 cm<\/p>\n","protected":false},"author":2,"featured_media":0,"comment_status":"open","ping_status":"open","sticky":false,"template":"","format":"standard","meta":{"footnotes":""},"categories":[3],"tags":[],"class_list":["post-3697","post","type-post","status-publish","format-standard","hentry","category-peinture"],"aioseo_notices":[],"_links":{"self":[{"href":"https:\/\/www.michel-caron.fr\/peinture\/wp-json\/wp\/v2\/posts\/3697","targetHints":{"allow":["GET"]}}],"collection":[{"href":"https:\/\/www.michel-caron.fr\/peinture\/wp-json\/wp\/v2\/posts"}],"about":[{"href":"https:\/\/www.michel-caron.fr\/peinture\/wp-json\/wp\/v2\/types\/post"}],"author":[{"embeddable":true,"href":"https:\/\/www.michel-caron.fr\/peinture\/wp-json\/wp\/v2\/users\/2"}],"replies":[{"embeddable":true,"href":"https:\/\/www.michel-caron.fr\/peinture\/wp-json\/wp\/v2\/comments?post=3697"}],"version-history":[{"count":4,"href":"https:\/\/www.michel-caron.fr\/peinture\/wp-json\/wp\/v2\/posts\/3697\/revisions"}],"predecessor-version":[{"id":4432,"href":"https:\/\/www.michel-caron.fr\/peinture\/wp-json\/wp\/v2\/posts\/3697\/revisions\/4432"}],"wp:attachment":[{"href":"https:\/\/www.michel-caron.fr\/peinture\/wp-json\/wp\/v2\/media?parent=3697"}],"wp:term":[{"taxonomy":"category","embeddable":true,"href":"https:\/\/www.michel-caron.fr\/peinture\/wp-json\/wp\/v2\/categories?post=3697"},{"taxonomy":"post_tag","embeddable":true,"href":"https:\/\/www.michel-caron.fr\/peinture\/wp-json\/wp\/v2\/tags?post=3697"}],"curies":[{"name":"wp","href":"https:\/\/api.w.org\/{rel}","templated":true}]}}