{"id":3731,"date":"2019-03-31T08:29:16","date_gmt":"2019-03-31T07:29:16","guid":{"rendered":"http:\/\/www.michel-caron.fr\/peinture\/?p=3731"},"modified":"2023-02-04T17:21:24","modified_gmt":"2023-02-04T16:21:24","slug":"les-deux-astronomes","status":"publish","type":"post","link":"https:\/\/www.michel-caron.fr\/peinture\/2019\/03\/31\/les-deux-astronomes\/","title":{"rendered":"Les deux astronomes"},"content":{"rendered":"<p>Quelques \u00e9toiles se prom\u00e8nent dans le ciel et deux astronomes les observent, un peu d\u00e9sempar\u00e9s, bien s\u00fbr, devant ce spectacle myst\u00e9rieux&#8230; (acrylique 54 x 65 cm).<\/p>\n<p><img loading=\"lazy\" decoding=\"async\" src=\"http:\/\/www.michel-caron.fr\/peinture\/wp-content\/uploads\/Les-deux-astronomes-620x514.jpg\" alt=\"\" width=\"620\" height=\"514\" class=\"aligncenter size-medium wp-image-3732\" srcset=\"https:\/\/www.michel-caron.fr\/peinture\/wp-content\/uploads\/Les-deux-astronomes-620x514.jpg 620w, https:\/\/www.michel-caron.fr\/peinture\/wp-content\/uploads\/Les-deux-astronomes-768x637.jpg 768w, https:\/\/www.michel-caron.fr\/peinture\/wp-content\/uploads\/Les-deux-astronomes.jpg 1001w\" sizes=\"auto, (max-width: 620px) 100vw, 620px\" \/><\/p>\n","protected":false},"excerpt":{"rendered":"<p>Quelques \u00e9toiles se prom\u00e8nent dans le ciel et deux astronomes les observent, un peu d\u00e9sempar\u00e9s, bien s\u00fbr, devant ce spectacle myst\u00e9rieux&#8230; (acrylique 54 x 65 cm).<\/p>\n","protected":false},"author":2,"featured_media":0,"comment_status":"open","ping_status":"open","sticky":false,"template":"","format":"standard","meta":{"footnotes":""},"categories":[3],"tags":[],"class_list":["post-3731","post","type-post","status-publish","format-standard","hentry","category-peinture"],"aioseo_notices":[],"_links":{"self":[{"href":"https:\/\/www.michel-caron.fr\/peinture\/wp-json\/wp\/v2\/posts\/3731","targetHints":{"allow":["GET"]}}],"collection":[{"href":"https:\/\/www.michel-caron.fr\/peinture\/wp-json\/wp\/v2\/posts"}],"about":[{"href":"https:\/\/www.michel-caron.fr\/peinture\/wp-json\/wp\/v2\/types\/post"}],"author":[{"embeddable":true,"href":"https:\/\/www.michel-caron.fr\/peinture\/wp-json\/wp\/v2\/users\/2"}],"replies":[{"embeddable":true,"href":"https:\/\/www.michel-caron.fr\/peinture\/wp-json\/wp\/v2\/comments?post=3731"}],"version-history":[{"count":4,"href":"https:\/\/www.michel-caron.fr\/peinture\/wp-json\/wp\/v2\/posts\/3731\/revisions"}],"predecessor-version":[{"id":4431,"href":"https:\/\/www.michel-caron.fr\/peinture\/wp-json\/wp\/v2\/posts\/3731\/revisions\/4431"}],"wp:attachment":[{"href":"https:\/\/www.michel-caron.fr\/peinture\/wp-json\/wp\/v2\/media?parent=3731"}],"wp:term":[{"taxonomy":"category","embeddable":true,"href":"https:\/\/www.michel-caron.fr\/peinture\/wp-json\/wp\/v2\/categories?post=3731"},{"taxonomy":"post_tag","embeddable":true,"href":"https:\/\/www.michel-caron.fr\/peinture\/wp-json\/wp\/v2\/tags?post=3731"}],"curies":[{"name":"wp","href":"https:\/\/api.w.org\/{rel}","templated":true}]}}