{"id":4196,"date":"2021-10-22T08:55:48","date_gmt":"2021-10-22T07:55:48","guid":{"rendered":"http:\/\/www.michel-caron.fr\/peinture\/?p=4196"},"modified":"2023-02-04T17:07:02","modified_gmt":"2023-02-04T16:07:02","slug":"reve-dun-arbre-en-hiver","status":"publish","type":"post","link":"https:\/\/www.michel-caron.fr\/peinture\/2021\/10\/22\/reve-dun-arbre-en-hiver\/","title":{"rendered":"R\u00eave d&rsquo;un arbre en hiver"},"content":{"rendered":"<p>Pauvre arbre : c\u2019est l\u2019hiver et il a perdu toutes ses feuilles ! Alors, comme il a beaucoup d\u2019imagination, il s\u2019est mis \u00e0 r\u00eaver et \u00e0 inventer des entrelacements de fleurs \u2026 (acrylique 50 x 65 cm).<img loading=\"lazy\" decoding=\"async\" src=\"http:\/\/www.michel-caron.fr\/peinture\/wp-content\/uploads\/DSC00528-469x620.jpeg\" alt=\"\" width=\"469\" height=\"620\" class=\"aligncenter size-medium wp-image-4197\" srcset=\"https:\/\/www.michel-caron.fr\/peinture\/wp-content\/uploads\/DSC00528-469x620.jpeg 469w, https:\/\/www.michel-caron.fr\/peinture\/wp-content\/uploads\/DSC00528-775x1024.jpeg 775w, https:\/\/www.michel-caron.fr\/peinture\/wp-content\/uploads\/DSC00528-768x1015.jpeg 768w, https:\/\/www.michel-caron.fr\/peinture\/wp-content\/uploads\/DSC00528-1162x1536.jpeg 1162w, https:\/\/www.michel-caron.fr\/peinture\/wp-content\/uploads\/DSC00528-1549x2048.jpeg 1549w, https:\/\/www.michel-caron.fr\/peinture\/wp-content\/uploads\/DSC00528-1200x1586.jpeg 1200w, https:\/\/www.michel-caron.fr\/peinture\/wp-content\/uploads\/DSC00528-1980x2618.jpeg 1980w, https:\/\/www.michel-caron.fr\/peinture\/wp-content\/uploads\/DSC00528-scaled.jpeg 1936w\" sizes=\"auto, (max-width: 469px) 100vw, 469px\" \/><\/p>\n","protected":false},"excerpt":{"rendered":"<p>Pauvre arbre : c\u2019est l\u2019hiver et il a perdu toutes ses feuilles ! Alors, comme il a beaucoup d\u2019imagination, il s\u2019est mis \u00e0 r\u00eaver et \u00e0 inventer des entrelacements de fleurs \u2026 (acrylique 50 x 65 cm).<\/p>\n","protected":false},"author":2,"featured_media":0,"comment_status":"open","ping_status":"open","sticky":false,"template":"","format":"standard","meta":{"footnotes":""},"categories":[3],"tags":[],"class_list":["post-4196","post","type-post","status-publish","format-standard","hentry","category-peinture"],"aioseo_notices":[],"_links":{"self":[{"href":"https:\/\/www.michel-caron.fr\/peinture\/wp-json\/wp\/v2\/posts\/4196","targetHints":{"allow":["GET"]}}],"collection":[{"href":"https:\/\/www.michel-caron.fr\/peinture\/wp-json\/wp\/v2\/posts"}],"about":[{"href":"https:\/\/www.michel-caron.fr\/peinture\/wp-json\/wp\/v2\/types\/post"}],"author":[{"embeddable":true,"href":"https:\/\/www.michel-caron.fr\/peinture\/wp-json\/wp\/v2\/users\/2"}],"replies":[{"embeddable":true,"href":"https:\/\/www.michel-caron.fr\/peinture\/wp-json\/wp\/v2\/comments?post=4196"}],"version-history":[{"count":7,"href":"https:\/\/www.michel-caron.fr\/peinture\/wp-json\/wp\/v2\/posts\/4196\/revisions"}],"predecessor-version":[{"id":4418,"href":"https:\/\/www.michel-caron.fr\/peinture\/wp-json\/wp\/v2\/posts\/4196\/revisions\/4418"}],"wp:attachment":[{"href":"https:\/\/www.michel-caron.fr\/peinture\/wp-json\/wp\/v2\/media?parent=4196"}],"wp:term":[{"taxonomy":"category","embeddable":true,"href":"https:\/\/www.michel-caron.fr\/peinture\/wp-json\/wp\/v2\/categories?post=4196"},{"taxonomy":"post_tag","embeddable":true,"href":"https:\/\/www.michel-caron.fr\/peinture\/wp-json\/wp\/v2\/tags?post=4196"}],"curies":[{"name":"wp","href":"https:\/\/api.w.org\/{rel}","templated":true}]}}