{"id":4318,"date":"2022-07-24T11:01:06","date_gmt":"2022-07-24T10:01:06","guid":{"rendered":"http:\/\/www.michel-caron.fr\/peinture\/?p=4318"},"modified":"2022-09-27T09:01:07","modified_gmt":"2022-09-27T08:01:07","slug":"un-port-et-des-nuages","status":"publish","type":"post","link":"https:\/\/www.michel-caron.fr\/peinture\/2022\/07\/24\/un-port-et-des-nuages\/","title":{"rendered":"Un port et des nuages"},"content":{"rendered":"<p><img loading=\"lazy\" decoding=\"async\" src=\"http:\/\/www.michel-caron.fr\/peinture\/wp-content\/uploads\/DSC01166-496x620.jpeg\" alt=\"\" width=\"496\" height=\"620\" class=\"aligncenter size-medium wp-image-4315\" srcset=\"https:\/\/www.michel-caron.fr\/peinture\/wp-content\/uploads\/DSC01166-496x620.jpeg 496w, https:\/\/www.michel-caron.fr\/peinture\/wp-content\/uploads\/DSC01166-819x1024.jpeg 819w, https:\/\/www.michel-caron.fr\/peinture\/wp-content\/uploads\/DSC01166-768x960.jpeg 768w, https:\/\/www.michel-caron.fr\/peinture\/wp-content\/uploads\/DSC01166-1229x1536.jpeg 1229w, https:\/\/www.michel-caron.fr\/peinture\/wp-content\/uploads\/DSC01166-1639x2048.jpeg 1639w, https:\/\/www.michel-caron.fr\/peinture\/wp-content\/uploads\/DSC01166-1200x1499.jpeg 1200w, https:\/\/www.michel-caron.fr\/peinture\/wp-content\/uploads\/DSC01166-1980x2474.jpeg 1980w\" sizes=\"auto, (max-width: 496px) 100vw, 496px\" \/>Cette toile \u00e9voque un port peupl\u00e9 de nuages voil\u00e9s (acrylique 40 x 50 cm)<\/p>\n","protected":false},"excerpt":{"rendered":"<p>Cette toile \u00e9voque un port peupl\u00e9 de nuages voil\u00e9s (acrylique 40 x 50 cm)<\/p>\n","protected":false},"author":2,"featured_media":0,"comment_status":"open","ping_status":"open","sticky":false,"template":"","format":"standard","meta":{"footnotes":""},"categories":[3],"tags":[],"class_list":["post-4318","post","type-post","status-publish","format-standard","hentry","category-peinture"],"aioseo_notices":[],"_links":{"self":[{"href":"https:\/\/www.michel-caron.fr\/peinture\/wp-json\/wp\/v2\/posts\/4318","targetHints":{"allow":["GET"]}}],"collection":[{"href":"https:\/\/www.michel-caron.fr\/peinture\/wp-json\/wp\/v2\/posts"}],"about":[{"href":"https:\/\/www.michel-caron.fr\/peinture\/wp-json\/wp\/v2\/types\/post"}],"author":[{"embeddable":true,"href":"https:\/\/www.michel-caron.fr\/peinture\/wp-json\/wp\/v2\/users\/2"}],"replies":[{"embeddable":true,"href":"https:\/\/www.michel-caron.fr\/peinture\/wp-json\/wp\/v2\/comments?post=4318"}],"version-history":[{"count":2,"href":"https:\/\/www.michel-caron.fr\/peinture\/wp-json\/wp\/v2\/posts\/4318\/revisions"}],"predecessor-version":[{"id":4331,"href":"https:\/\/www.michel-caron.fr\/peinture\/wp-json\/wp\/v2\/posts\/4318\/revisions\/4331"}],"wp:attachment":[{"href":"https:\/\/www.michel-caron.fr\/peinture\/wp-json\/wp\/v2\/media?parent=4318"}],"wp:term":[{"taxonomy":"category","embeddable":true,"href":"https:\/\/www.michel-caron.fr\/peinture\/wp-json\/wp\/v2\/categories?post=4318"},{"taxonomy":"post_tag","embeddable":true,"href":"https:\/\/www.michel-caron.fr\/peinture\/wp-json\/wp\/v2\/tags?post=4318"}],"curies":[{"name":"wp","href":"https:\/\/api.w.org\/{rel}","templated":true}]}}