{"id":4397,"date":"2023-02-03T15:07:17","date_gmt":"2023-02-03T14:07:17","guid":{"rendered":"http:\/\/www.michel-caron.fr\/peinture\/?p=4397"},"modified":"2023-02-03T15:14:30","modified_gmt":"2023-02-03T14:14:30","slug":"une-riviere-dans-la-ville","status":"publish","type":"post","link":"https:\/\/www.michel-caron.fr\/peinture\/2023\/02\/03\/une-riviere-dans-la-ville\/","title":{"rendered":"Une rivi\u00e8re dans la ville"},"content":{"rendered":"<p><img loading=\"lazy\" decoding=\"async\" src=\"http:\/\/www.michel-caron.fr\/peinture\/wp-content\/uploads\/DSC01651-2-620x620.jpeg\" alt=\"\" width=\"620\" height=\"620\" class=\"aligncenter size-medium wp-image-4398\" srcset=\"https:\/\/www.michel-caron.fr\/peinture\/wp-content\/uploads\/DSC01651-2-620x620.jpeg 620w, https:\/\/www.michel-caron.fr\/peinture\/wp-content\/uploads\/DSC01651-2-1024x1024.jpeg 1024w, https:\/\/www.michel-caron.fr\/peinture\/wp-content\/uploads\/DSC01651-2-150x150.jpeg 150w, https:\/\/www.michel-caron.fr\/peinture\/wp-content\/uploads\/DSC01651-2-768x769.jpeg 768w, https:\/\/www.michel-caron.fr\/peinture\/wp-content\/uploads\/DSC01651-2-1534x1536.jpeg 1534w, https:\/\/www.michel-caron.fr\/peinture\/wp-content\/uploads\/DSC01651-2-2046x2048.jpeg 2046w, https:\/\/www.michel-caron.fr\/peinture\/wp-content\/uploads\/DSC01651-2-1200x1201.jpeg 1200w, https:\/\/www.michel-caron.fr\/peinture\/wp-content\/uploads\/DSC01651-2-1980x1982.jpeg 1980w\" sizes=\"auto, (max-width: 620px) 100vw, 620px\" \/><\/p>\n<p>Cette toile \u00e9voque une ville travers\u00e9e par une rivi\u00e8re peupl\u00e9e de vaguelettes (acrylique 60 x 60 cm).<\/p>\n","protected":false},"excerpt":{"rendered":"<p>Cette toile \u00e9voque une ville travers\u00e9e par une rivi\u00e8re peupl\u00e9e de vaguelettes (acrylique 60 x 60 cm).<\/p>\n","protected":false},"author":2,"featured_media":0,"comment_status":"open","ping_status":"open","sticky":false,"template":"","format":"standard","meta":{"footnotes":""},"categories":[3],"tags":[],"class_list":["post-4397","post","type-post","status-publish","format-standard","hentry","category-peinture"],"aioseo_notices":[],"_links":{"self":[{"href":"https:\/\/www.michel-caron.fr\/peinture\/wp-json\/wp\/v2\/posts\/4397","targetHints":{"allow":["GET"]}}],"collection":[{"href":"https:\/\/www.michel-caron.fr\/peinture\/wp-json\/wp\/v2\/posts"}],"about":[{"href":"https:\/\/www.michel-caron.fr\/peinture\/wp-json\/wp\/v2\/types\/post"}],"author":[{"embeddable":true,"href":"https:\/\/www.michel-caron.fr\/peinture\/wp-json\/wp\/v2\/users\/2"}],"replies":[{"embeddable":true,"href":"https:\/\/www.michel-caron.fr\/peinture\/wp-json\/wp\/v2\/comments?post=4397"}],"version-history":[{"count":4,"href":"https:\/\/www.michel-caron.fr\/peinture\/wp-json\/wp\/v2\/posts\/4397\/revisions"}],"predecessor-version":[{"id":4402,"href":"https:\/\/www.michel-caron.fr\/peinture\/wp-json\/wp\/v2\/posts\/4397\/revisions\/4402"}],"wp:attachment":[{"href":"https:\/\/www.michel-caron.fr\/peinture\/wp-json\/wp\/v2\/media?parent=4397"}],"wp:term":[{"taxonomy":"category","embeddable":true,"href":"https:\/\/www.michel-caron.fr\/peinture\/wp-json\/wp\/v2\/categories?post=4397"},{"taxonomy":"post_tag","embeddable":true,"href":"https:\/\/www.michel-caron.fr\/peinture\/wp-json\/wp\/v2\/tags?post=4397"}],"curies":[{"name":"wp","href":"https:\/\/api.w.org\/{rel}","templated":true}]}}