{"id":4544,"date":"2023-04-15T15:12:51","date_gmt":"2023-04-15T14:12:51","guid":{"rendered":"http:\/\/www.michel-caron.fr\/peinture\/?p=4544"},"modified":"2023-04-15T15:19:25","modified_gmt":"2023-04-15T14:19:25","slug":"village-dans-un-ciel-dautomne-2","status":"publish","type":"post","link":"https:\/\/www.michel-caron.fr\/peinture\/2023\/04\/15\/village-dans-un-ciel-dautomne-2\/","title":{"rendered":"Village dans un ciel d&rsquo;automne"},"content":{"rendered":"<p><img loading=\"lazy\" decoding=\"async\" src=\"http:\/\/www.michel-caron.fr\/peinture\/wp-content\/uploads\/DSC01838-2-439x620.jpeg\" alt=\"\" width=\"439\" height=\"620\" class=\"aligncenter size-medium wp-image-4529\" srcset=\"https:\/\/www.michel-caron.fr\/peinture\/wp-content\/uploads\/DSC01838-2-439x620.jpeg 439w, https:\/\/www.michel-caron.fr\/peinture\/wp-content\/uploads\/DSC01838-2-725x1024.jpeg 725w, https:\/\/www.michel-caron.fr\/peinture\/wp-content\/uploads\/DSC01838-2-768x1085.jpeg 768w, https:\/\/www.michel-caron.fr\/peinture\/wp-content\/uploads\/DSC01838-2-1087x1536.jpeg 1087w, https:\/\/www.michel-caron.fr\/peinture\/wp-content\/uploads\/DSC01838-2-1450x2048.jpeg 1450w, https:\/\/www.michel-caron.fr\/peinture\/wp-content\/uploads\/DSC01838-2-1200x1695.jpeg 1200w, https:\/\/www.michel-caron.fr\/peinture\/wp-content\/uploads\/DSC01838-2-scaled.jpeg 1812w\" sizes=\"auto, (max-width: 439px) 100vw, 439px\" \/><\/p>\n<p>Dans un ciel ensoleill\u00e9, un village s&rsquo;ins\u00e8re au milieu d&rsquo;arbres agr\u00e9ment\u00e9s de leurs couleurs d&rsquo;automne (acrylique 53 x 73 cm).<\/p>\n","protected":false},"excerpt":{"rendered":"<p>Dans un ciel ensoleill\u00e9, un village s&rsquo;ins\u00e8re au milieu d&rsquo;arbres agr\u00e9ment\u00e9s de leurs couleurs d&rsquo;automne (acrylique 53 x 73 cm).<\/p>\n","protected":false},"author":2,"featured_media":0,"comment_status":"open","ping_status":"open","sticky":false,"template":"","format":"standard","meta":{"footnotes":""},"categories":[3],"tags":[],"class_list":["post-4544","post","type-post","status-publish","format-standard","hentry","category-peinture"],"aioseo_notices":[],"_links":{"self":[{"href":"https:\/\/www.michel-caron.fr\/peinture\/wp-json\/wp\/v2\/posts\/4544","targetHints":{"allow":["GET"]}}],"collection":[{"href":"https:\/\/www.michel-caron.fr\/peinture\/wp-json\/wp\/v2\/posts"}],"about":[{"href":"https:\/\/www.michel-caron.fr\/peinture\/wp-json\/wp\/v2\/types\/post"}],"author":[{"embeddable":true,"href":"https:\/\/www.michel-caron.fr\/peinture\/wp-json\/wp\/v2\/users\/2"}],"replies":[{"embeddable":true,"href":"https:\/\/www.michel-caron.fr\/peinture\/wp-json\/wp\/v2\/comments?post=4544"}],"version-history":[{"count":3,"href":"https:\/\/www.michel-caron.fr\/peinture\/wp-json\/wp\/v2\/posts\/4544\/revisions"}],"predecessor-version":[{"id":4549,"href":"https:\/\/www.michel-caron.fr\/peinture\/wp-json\/wp\/v2\/posts\/4544\/revisions\/4549"}],"wp:attachment":[{"href":"https:\/\/www.michel-caron.fr\/peinture\/wp-json\/wp\/v2\/media?parent=4544"}],"wp:term":[{"taxonomy":"category","embeddable":true,"href":"https:\/\/www.michel-caron.fr\/peinture\/wp-json\/wp\/v2\/categories?post=4544"},{"taxonomy":"post_tag","embeddable":true,"href":"https:\/\/www.michel-caron.fr\/peinture\/wp-json\/wp\/v2\/tags?post=4544"}],"curies":[{"name":"wp","href":"https:\/\/api.w.org\/{rel}","templated":true}]}}