{"id":4568,"date":"2023-05-06T09:28:25","date_gmt":"2023-05-06T08:28:25","guid":{"rendered":"http:\/\/www.michel-caron.fr\/peinture\/?p=4568"},"modified":"2023-05-10T14:19:37","modified_gmt":"2023-05-10T13:19:37","slug":"des-extra-terrestres-dans-nos-villes","status":"publish","type":"post","link":"https:\/\/www.michel-caron.fr\/peinture\/2023\/05\/06\/des-extra-terrestres-dans-nos-villes\/","title":{"rendered":"Quelques extra-terrestres en ville"},"content":{"rendered":"<p>Imaginez des extra-terrestres, de pr\u00e9f\u00e9rence pacifiques, d\u00e9barquant sur notre plan\u00e8te. Ils pourraient tranquillement visiter nos villes, en flanant dans les rues\u2026 (acrylique 60 x 60 cm)  <\/p>\n<p><img loading=\"lazy\" decoding=\"async\" src=\"http:\/\/www.michel-caron.fr\/peinture\/wp-content\/uploads\/DSC01859-620x577.jpeg\" alt=\"\" width=\"620\" height=\"577\" class=\"aligncenter size-medium wp-image-4569\" srcset=\"https:\/\/www.michel-caron.fr\/peinture\/wp-content\/uploads\/DSC01859-620x577.jpeg 620w, https:\/\/www.michel-caron.fr\/peinture\/wp-content\/uploads\/DSC01859-1024x953.jpeg 1024w, https:\/\/www.michel-caron.fr\/peinture\/wp-content\/uploads\/DSC01859-768x715.jpeg 768w, https:\/\/www.michel-caron.fr\/peinture\/wp-content\/uploads\/DSC01859-1536x1430.jpeg 1536w, https:\/\/www.michel-caron.fr\/peinture\/wp-content\/uploads\/DSC01859-2048x1907.jpeg 2048w, https:\/\/www.michel-caron.fr\/peinture\/wp-content\/uploads\/DSC01859-1200x1117.jpeg 1200w, https:\/\/www.michel-caron.fr\/peinture\/wp-content\/uploads\/DSC01859-1980x1843.jpeg 1980w\" sizes=\"auto, (max-width: 620px) 100vw, 620px\" \/>  <\/p>\n","protected":false},"excerpt":{"rendered":"<p>Imaginez des extra-terrestres, de pr\u00e9f\u00e9rence pacifiques, d\u00e9barquant sur notre plan\u00e8te. Ils pourraient tranquillement visiter nos villes, en flanant dans les rues\u2026 (acrylique 60 x 60 cm)<\/p>\n","protected":false},"author":2,"featured_media":0,"comment_status":"open","ping_status":"open","sticky":false,"template":"","format":"standard","meta":{"footnotes":""},"categories":[3],"tags":[],"class_list":["post-4568","post","type-post","status-publish","format-standard","hentry","category-peinture"],"aioseo_notices":[],"_links":{"self":[{"href":"https:\/\/www.michel-caron.fr\/peinture\/wp-json\/wp\/v2\/posts\/4568","targetHints":{"allow":["GET"]}}],"collection":[{"href":"https:\/\/www.michel-caron.fr\/peinture\/wp-json\/wp\/v2\/posts"}],"about":[{"href":"https:\/\/www.michel-caron.fr\/peinture\/wp-json\/wp\/v2\/types\/post"}],"author":[{"embeddable":true,"href":"https:\/\/www.michel-caron.fr\/peinture\/wp-json\/wp\/v2\/users\/2"}],"replies":[{"embeddable":true,"href":"https:\/\/www.michel-caron.fr\/peinture\/wp-json\/wp\/v2\/comments?post=4568"}],"version-history":[{"count":2,"href":"https:\/\/www.michel-caron.fr\/peinture\/wp-json\/wp\/v2\/posts\/4568\/revisions"}],"predecessor-version":[{"id":4572,"href":"https:\/\/www.michel-caron.fr\/peinture\/wp-json\/wp\/v2\/posts\/4568\/revisions\/4572"}],"wp:attachment":[{"href":"https:\/\/www.michel-caron.fr\/peinture\/wp-json\/wp\/v2\/media?parent=4568"}],"wp:term":[{"taxonomy":"category","embeddable":true,"href":"https:\/\/www.michel-caron.fr\/peinture\/wp-json\/wp\/v2\/categories?post=4568"},{"taxonomy":"post_tag","embeddable":true,"href":"https:\/\/www.michel-caron.fr\/peinture\/wp-json\/wp\/v2\/tags?post=4568"}],"curies":[{"name":"wp","href":"https:\/\/api.w.org\/{rel}","templated":true}]}}