{"id":4656,"date":"2024-01-06T14:59:23","date_gmt":"2024-01-06T13:59:23","guid":{"rendered":"https:\/\/www.michel-caron.fr\/peinture\/?p=4656"},"modified":"2024-01-06T14:59:29","modified_gmt":"2024-01-06T13:59:29","slug":"des-rivieres-en-crue","status":"publish","type":"post","link":"https:\/\/www.michel-caron.fr\/peinture\/2024\/01\/06\/des-rivieres-en-crue\/","title":{"rendered":"Des rivi\u00e8res en crue"},"content":{"rendered":"<p>En d\u00e9cembre 2023 et en janvier 2024, de nombreuses rivi\u00e8res ont d\u00e9bord\u00e9 d\u2019une  fa\u00e7on tr\u00e8s intense dans un grand nombre de d\u00e9partements. De nombreuses habitations et des cultures ont souffert de ces inondations. Cette toile \u00e9voque cette situation souvent dramatique avec, en premier plan, les assauts des vagues. (acrylique 60 X 60 cm). <\/p>\n<p><img loading=\"lazy\" decoding=\"async\" src=\"https:\/\/www.michel-caron.fr\/peinture\/wp-content\/uploads\/DSC02324-604x620.jpeg\" alt=\"\" width=\"604\" height=\"620\" class=\"aligncenter size-medium wp-image-4657\" srcset=\"https:\/\/www.michel-caron.fr\/peinture\/wp-content\/uploads\/DSC02324-604x620.jpeg 604w, https:\/\/www.michel-caron.fr\/peinture\/wp-content\/uploads\/DSC02324-997x1024.jpeg 997w, https:\/\/www.michel-caron.fr\/peinture\/wp-content\/uploads\/DSC02324-768x789.jpeg 768w, https:\/\/www.michel-caron.fr\/peinture\/wp-content\/uploads\/DSC02324-1496x1536.jpeg 1496w, https:\/\/www.michel-caron.fr\/peinture\/wp-content\/uploads\/DSC02324-1995x2048.jpeg 1995w, https:\/\/www.michel-caron.fr\/peinture\/wp-content\/uploads\/DSC02324-1200x1232.jpeg 1200w, https:\/\/www.michel-caron.fr\/peinture\/wp-content\/uploads\/DSC02324-1980x2033.jpeg 1980w\" sizes=\"auto, (max-width: 604px) 100vw, 604px\" \/><\/p>\n","protected":false},"excerpt":{"rendered":"<p>En d\u00e9cembre 2023 et en janvier 2024, de nombreuses rivi\u00e8res ont d\u00e9bord\u00e9 d\u2019une fa\u00e7on tr\u00e8s intense dans un grand nombre de d\u00e9partements. De nombreuses habitations et des cultures ont souffert de ces inondations. Cette toile \u00e9voque cette situation souvent dramatique avec, en premier plan, les assauts des vagues. (acrylique 60 X 60 cm).<\/p>\n","protected":false},"author":2,"featured_media":0,"comment_status":"open","ping_status":"open","sticky":false,"template":"","format":"standard","meta":{"footnotes":""},"categories":[3],"tags":[],"class_list":["post-4656","post","type-post","status-publish","format-standard","hentry","category-peinture"],"aioseo_notices":[],"_links":{"self":[{"href":"https:\/\/www.michel-caron.fr\/peinture\/wp-json\/wp\/v2\/posts\/4656","targetHints":{"allow":["GET"]}}],"collection":[{"href":"https:\/\/www.michel-caron.fr\/peinture\/wp-json\/wp\/v2\/posts"}],"about":[{"href":"https:\/\/www.michel-caron.fr\/peinture\/wp-json\/wp\/v2\/types\/post"}],"author":[{"embeddable":true,"href":"https:\/\/www.michel-caron.fr\/peinture\/wp-json\/wp\/v2\/users\/2"}],"replies":[{"embeddable":true,"href":"https:\/\/www.michel-caron.fr\/peinture\/wp-json\/wp\/v2\/comments?post=4656"}],"version-history":[{"count":1,"href":"https:\/\/www.michel-caron.fr\/peinture\/wp-json\/wp\/v2\/posts\/4656\/revisions"}],"predecessor-version":[{"id":4658,"href":"https:\/\/www.michel-caron.fr\/peinture\/wp-json\/wp\/v2\/posts\/4656\/revisions\/4658"}],"wp:attachment":[{"href":"https:\/\/www.michel-caron.fr\/peinture\/wp-json\/wp\/v2\/media?parent=4656"}],"wp:term":[{"taxonomy":"category","embeddable":true,"href":"https:\/\/www.michel-caron.fr\/peinture\/wp-json\/wp\/v2\/categories?post=4656"},{"taxonomy":"post_tag","embeddable":true,"href":"https:\/\/www.michel-caron.fr\/peinture\/wp-json\/wp\/v2\/tags?post=4656"}],"curies":[{"name":"wp","href":"https:\/\/api.w.org\/{rel}","templated":true}]}}