{"id":998,"date":"2009-04-23T11:46:56","date_gmt":"2009-04-23T10:46:56","guid":{"rendered":"http:\/\/www.michel-caron.fr\/peinture\/?p=998"},"modified":"2014-11-12T11:40:59","modified_gmt":"2014-11-12T10:40:59","slug":"l%e2%80%99immeuble-solitaire","status":"publish","type":"post","link":"https:\/\/www.michel-caron.fr\/peinture\/2009\/04\/23\/l%e2%80%99immeuble-solitaire\/","title":{"rendered":"L\u2019immeuble solitaire"},"content":{"rendered":"<p><!--StartFragment--><\/p>\n<p class=\"MsoNormal\"><!--StartFragment--><\/p>\n<p class=\"MsoNormal\"><!--StartFragment--><\/p>\n<p class=\"MsoNormal\"><span>Dans ce d\u00e9cor de montagnes, tout semble paisible, m\u00eame le ciel timide, voil\u00e9 de jaune. Mais dans ce paysage de r\u00eave, un immeuble s\u2019en va \u00e0 la conqu\u00eate du ciel, avec ses multiples \u00e9tages et sa fragilit\u00e9 (mai 2010). Acrylique 65 x 92 cm.<\/span><\/p>\n<p><!--EndFragment--><\/p>\n<p class=\"MsoNormal\"><em><a href=\"http:\/\/www.michel-caron.fr\/peinture\/wp-content\/uploads\/immeuble-seul-copie1.jpg\"><img loading=\"lazy\" decoding=\"async\" class=\"aligncenter size-medium wp-image-1007\" src=\"http:\/\/www.michel-caron.fr\/peinture\/wp-content\/uploads\/immeuble-seul-copie1-430x620.jpg\" alt=\"immeuble-seul-copie1\" width=\"430\" height=\"620\" srcset=\"https:\/\/www.michel-caron.fr\/peinture\/wp-content\/uploads\/immeuble-seul-copie1-430x620.jpg 430w, https:\/\/www.michel-caron.fr\/peinture\/wp-content\/uploads\/immeuble-seul-copie1-710x1024.jpg 710w, https:\/\/www.michel-caron.fr\/peinture\/wp-content\/uploads\/immeuble-seul-copie1.jpg 1000w\" sizes=\"auto, (max-width: 430px) 100vw, 430px\" \/><\/a><\/em><em><br \/>\n<\/em><em> <\/em><\/p>\n<p class=\"MsoNormal\"><em><br \/>\n<\/em><\/p>\n<p class=\"MsoNormal\">\n<p><!--EndFragment--><\/p>\n","protected":false},"excerpt":{"rendered":"<p>Dans ce d\u00e9cor de montagnes, tout semble paisible, m\u00eame le ciel timide, voil\u00e9 de jaune. Mais dans ce paysage de r\u00eave, un immeuble s\u2019en va \u00e0 la conqu\u00eate du ciel, avec ses multiples \u00e9tages et sa fragilit\u00e9 (mai 2010). Acrylique 65 x 92 cm.<\/p>\n","protected":false},"author":2,"featured_media":0,"comment_status":"open","ping_status":"open","sticky":false,"template":"","format":"standard","meta":{"footnotes":""},"categories":[3],"tags":[17],"class_list":["post-998","post","type-post","status-publish","format-standard","hentry","category-peinture","tag-immeubles"],"aioseo_notices":[],"_links":{"self":[{"href":"https:\/\/www.michel-caron.fr\/peinture\/wp-json\/wp\/v2\/posts\/998","targetHints":{"allow":["GET"]}}],"collection":[{"href":"https:\/\/www.michel-caron.fr\/peinture\/wp-json\/wp\/v2\/posts"}],"about":[{"href":"https:\/\/www.michel-caron.fr\/peinture\/wp-json\/wp\/v2\/types\/post"}],"author":[{"embeddable":true,"href":"https:\/\/www.michel-caron.fr\/peinture\/wp-json\/wp\/v2\/users\/2"}],"replies":[{"embeddable":true,"href":"https:\/\/www.michel-caron.fr\/peinture\/wp-json\/wp\/v2\/comments?post=998"}],"version-history":[{"count":11,"href":"https:\/\/www.michel-caron.fr\/peinture\/wp-json\/wp\/v2\/posts\/998\/revisions"}],"predecessor-version":[{"id":2865,"href":"https:\/\/www.michel-caron.fr\/peinture\/wp-json\/wp\/v2\/posts\/998\/revisions\/2865"}],"wp:attachment":[{"href":"https:\/\/www.michel-caron.fr\/peinture\/wp-json\/wp\/v2\/media?parent=998"}],"wp:term":[{"taxonomy":"category","embeddable":true,"href":"https:\/\/www.michel-caron.fr\/peinture\/wp-json\/wp\/v2\/categories?post=998"},{"taxonomy":"post_tag","embeddable":true,"href":"https:\/\/www.michel-caron.fr\/peinture\/wp-json\/wp\/v2\/tags?post=998"}],"curies":[{"name":"wp","href":"https:\/\/api.w.org\/{rel}","templated":true}]}}